{"id":16614,"date":"2026-03-06T18:11:47","date_gmt":"2026-03-06T21:11:47","guid":{"rendered":"https:\/\/www.coltec.ufmg.br\/coltec-ufmg\/?p=16614"},"modified":"2026-03-30T08:49:05","modified_gmt":"2026-03-30T11:49:05","slug":"edital-de-selecao-de-monitoria-05-2026-pmet-matematica","status":"publish","type":"post","link":"https:\/\/www.coltec.ufmg.br\/coltec-ufmg\/?p=16614","title":{"rendered":"EDITAL DE SELE\u00c7\u00c3O DE MONITORIA 05\/2026 \u2013 PMET \u2013 Matem\u00e1tica"},"content":{"rendered":"\n\n\n<p>A dire\u00e7\u00e3o do Col\u00e9gio T\u00e9cnico da UFMG torna p\u00fablico o presente Edital para sele\u00e7\u00e3o de estudantes de gradua\u00e7\u00e3o da UFMG para atua\u00e7\u00e3o no Programa de Monitoria do Ensino T\u00e9cnico em Matem\u00e1tica.<\/p>\n<p>As inscri\u00e7\u00f5es ocorrer\u00e3o no per\u00edodo de 06\/03\/2026 a 24\/03\/2026, de 00:01:00 \u00e0s 23:59:00hrs (hor\u00e1rio de Bras\u00edlia), exclusivamente por meio dos e-mails informados no Edital de sele\u00e7\u00e3o.<\/p>\n<p>Para estudantes que desejam concorrer tamb\u00e9m ao cadastro de vagas para a\u00e7\u00f5es afirmativas, no ato da inscri\u00e7\u00e3o, \u00e9 necess\u00e1rio anexar a declara\u00e7\u00e3o de assist\u00eancia socioecon\u00f4mica pela FUMP ou comprovante de registro acad\u00eamico ou atestado de notas emitido pelo DRCA para comprova\u00e7\u00e3o de ingresso na universidade pelo sistema de cotas.<\/p>\n<p>\u00a0<\/p>\n<p><strong>Edital:<\/strong><\/p>\n<p><a href=\"https:\/\/www.coltec.ufmg.br\/coltec-ufmg\/wp-content\/uploads\/2026\/03\/Edital_PMET_M_assinado-1.pdf\" target=\"_blank\" rel=\"noopener\"><span style=\"text-decoration: underline;\">Edital PMET 05\/2026 &#8211; Matem\u00e1tica<\/span><\/a><\/p>\n<p><a href=\"https:\/\/www.coltec.ufmg.br\/coltec-ufmg\/wp-content\/uploads\/2026\/03\/KKResultado_PMET_Matematica_2026_assinado_assinado.pdf\" target=\"_blank\" rel=\"noopener\">Resultado PMET Matematica &#8211; Edital 05\/2026<\/a><\/p>\n<p>\u00a0<\/p>\n<p>\u00a0<\/p>\n","protected":false},"excerpt":{"rendered":"<p>A dire\u00e7\u00e3o do Col\u00e9gio T\u00e9cnico da UFMG torna p\u00fablico o presente Edital para sele\u00e7\u00e3o de estudantes de gradua\u00e7\u00e3o da UFMG para atua\u00e7\u00e3o no Programa de Monitoria do Ensino T\u00e9cnico em Matem\u00e1tica. As inscri\u00e7\u00f5es ocorrer\u00e3o no per\u00edodo de 06\/03\/2026 a 24\/03\/2026, de 00:01:00 \u00e0s 23:59:00hrs (hor\u00e1rio de Bras\u00edlia), exclusivamente por meio dos e-mails informados no Edital [&hellip;]<\/p>\n","protected":false},"author":50,"featured_media":0,"comment_status":"closed","ping_status":"closed","sticky":false,"template":"","format":"standard","meta":{"footnotes":""},"categories":[18,20,13],"tags":[],"publishpress_future_action":{"enabled":false,"date":"1969-12-31 21:00:00","action":"","terms":[],"taxonomy":"","browser_timezone_offset":0},"_links":{"self":[{"href":"https:\/\/www.coltec.ufmg.br\/coltec-ufmg\/index.php?rest_route=\/wp\/v2\/posts\/16614"}],"collection":[{"href":"https:\/\/www.coltec.ufmg.br\/coltec-ufmg\/index.php?rest_route=\/wp\/v2\/posts"}],"about":[{"href":"https:\/\/www.coltec.ufmg.br\/coltec-ufmg\/index.php?rest_route=\/wp\/v2\/types\/post"}],"author":[{"embeddable":true,"href":"https:\/\/www.coltec.ufmg.br\/coltec-ufmg\/index.php?rest_route=\/wp\/v2\/users\/50"}],"replies":[{"embeddable":true,"href":"https:\/\/www.coltec.ufmg.br\/coltec-ufmg\/index.php?rest_route=%2Fwp%2Fv2%2Fcomments&post=16614"}],"version-history":[{"count":4,"href":"https:\/\/www.coltec.ufmg.br\/coltec-ufmg\/index.php?rest_route=\/wp\/v2\/posts\/16614\/revisions"}],"predecessor-version":[{"id":16880,"href":"https:\/\/www.coltec.ufmg.br\/coltec-ufmg\/index.php?rest_route=\/wp\/v2\/posts\/16614\/revisions\/16880"}],"wp:attachment":[{"href":"https:\/\/www.coltec.ufmg.br\/coltec-ufmg\/index.php?rest_route=%2Fwp%2Fv2%2Fmedia&parent=16614"}],"wp:term":[{"taxonomy":"category","embeddable":true,"href":"https:\/\/www.coltec.ufmg.br\/coltec-ufmg\/index.php?rest_route=%2Fwp%2Fv2%2Fcategories&post=16614"},{"taxonomy":"post_tag","embeddable":true,"href":"https:\/\/www.coltec.ufmg.br\/coltec-ufmg\/index.php?rest_route=%2Fwp%2Fv2%2Ftags&post=16614"}],"curies":[{"name":"wp","href":"https:\/\/api.w.org\/{rel}","templated":true}]}}