{"id":2768,"date":"2022-05-06T15:00:00","date_gmt":"2022-05-06T18:00:00","guid":{"rendered":"http:\/\/www.coltec.ufmg.br\/coltec-ufmg\/?p=2768"},"modified":"2026-03-18T11:11:46","modified_gmt":"2026-03-18T14:11:46","slug":"processo-seletivo","status":"publish","type":"post","link":"https:\/\/www.coltec.ufmg.br\/coltec-ufmg\/?p=2768","title":{"rendered":"Processos Seletivos"},"content":{"rendered":"<style> .container{margin-left: 0px !important; margin-right: 0px !important; width: 100%;} <\/style>\n<p><a class=\"text-center lead list-group-item list-group-item-action active\">Processo Seletivo &#8211; Cursos Integrados &#8211; COLTEC 2027<\/a><\/p>\n<h4>Comunicado: obra de leitura pr\u00e9via<\/h4>\n<p>A indica\u00e7\u00e3o da obra liter\u00e1ria de leitura pr\u00e9via para a prova de L\u00edngua Portuguesa do Processo Seletivo do Col\u00e9gio T\u00e9cnico da UFMG (COLTEC) dos anos de 2027 e 2028 \u00e9 a seguinte:<\/p>\n<p>Ad\u00e9lia Prado \u2013 <strong>O Jardim das Oliveiras (Editora Record, 2025)<\/strong><\/p>\n<p><strong>Belo Horizonte, mar\u00e7o de 2026.<\/strong><\/p>\n<p><a class=\"text-center lead list-group-item list-group-item-action active\">Processo Seletivo &#8211; Cursos Integrados &#8211; COLTEC 2026<\/a><\/p>\n<h3><em>Acompanhe\u00a0<a href=\"https:\/\/site.copeve.ufmg.br\/concursos\/224\" target=\"_blank\" rel=\"noopener\">AQUI<\/a>\u00a0as \u00faltimas\u00a0informa\u00e7\u00f5es<\/em>\u00a0??<\/h3>\n<p><a href=\"https:\/\/site.copeve.ufmg.br\/concursos\/224\" target=\"_blank\" rel=\"noopener\">https:\/\/site.copeve.ufmg.br\/concursos\/224<\/a><\/p>\n<p><a href=\"https:\/\/site.copeve.ufmg.br\/concursos\/224\" target=\"_blank\" rel=\"noopener\" data-saferedirecturl=\"https:\/\/www.google.com\/url?q=https:\/\/site.copeve.ufmg.br\/concursos\/224&amp;source=gmail&amp;ust=1757865570263000&amp;usg=AOvVaw2hJgnVMd2mQoy7YR0jFJu5\"><span style=\"color: #105cb6;\"><span style=\"color: #1155cc;\">Edital n\u00ba 1817\/2025\u00a0 \u2013\u00a0<span class=\"il\">Processo Seletivo<\/span>\u00a0<span class=\"il\">2026<\/span>\u00a0do Col\u00e9gio T\u00e9cnico da UFMG (<span class=\"il\">COLTEC<\/span>\/UFMG)<\/span><\/span><\/a><\/p>\n<p><em><strong><a href=\"https:\/\/backend.copeve.ufmg.br\/uploads\/COLTEC_2026_Comunicado_Obra_Literaria_60fa2f0550.pdf\" target=\"_blank\" rel=\"noopener\" data-saferedirecturl=\"https:\/\/www.google.com\/url?q=https:\/\/backend.copeve.ufmg.br\/uploads\/COLTEC_2026_Comunicado_Obra_Literaria_60fa2f0550.pdf&amp;source=gmail&amp;ust=1757865570264000&amp;usg=AOvVaw1CC9yTh4Gm979T4scHkZZC\"><span style=\"color: #105cb6;\"><span style=\"color: #1155cc;\">Obra Liter\u00e1ria \u2013\u00a0<span class=\"il\">COLTEC<\/span>\u00a0202<\/span><\/span><\/a><span style=\"color: #0d47a1;\">6<\/span><\/strong><\/em><\/p>\n<p><strong>Lista de Obras Indicadas para Leitura Pr\u00e9via \u2013\u00a0<span class=\"il\">Processo Seletivo<\/span>\u00a0<span class=\"il\">COLTEC 2026<\/span><\/strong><\/p>\n<div>\n<p dir=\"ltr\"><span style=\"color: #444444;\">Para o\u00a0<span class=\"il\">Processo Seletivo<\/span>\u00a0do\u00a0<span class=\"il\">COLTEC 2026<\/span>\u00a0ser\u00e3o indicadas as seguintes obras liter\u00e1rias.<\/span><span style=\"color: #444444;\"><br \/>\n<\/span><span style=\"color: #444444;\"><br \/>\n<\/span><strong><span style=\"color: #0000ff;\">A obra de leitura pr\u00e9via, indicada para prova de L\u00edngua Portuguesa, \u00e9 \u201cDom Casmurro\u201d, de Machado de Assis.<\/span><span style=\"color: #444444;\">\u00a0<\/span><\/strong><\/p>\n<ul>\n<li dir=\"ltr\" aria-level=\"1\">\n<p dir=\"ltr\" role=\"presentation\">Edital do <span class=\"il\">Processo<\/span> (publicado em 19\/08\/2025 \u00e0s 15:47):<br \/>\n<a href=\"https:\/\/site.copeve.ufmg.br\/concursos\/224\" target=\"_blank\" rel=\"noopener\" data-saferedirecturl=\"https:\/\/www.google.com\/url?q=https:\/\/site.copeve.ufmg.br\/concursos\/224&amp;source=gmail&amp;ust=1757865570264000&amp;usg=AOvVaw2-vfSiPs3wsC1sjeQ4seOI\"><span style=\"color: #105cb6;\"><span style=\"color: #1155cc;\">https:\/\/site.copeve.ufmg.br\/<wbr \/>concursos\/224<\/span><\/span><\/a><\/p>\n<\/li>\n<li dir=\"ltr\" aria-level=\"1\">\n<p dir=\"ltr\" role=\"presentation\">Formul\u00e1rio para Interposi\u00e7\u00e3o de Recurso \u2013 Edital (publicado em19\/08\/2025 \u00e0s 15:50):<br \/>\n<a href=\"https:\/\/sistemas.ufmg.br\/servicos\/solicitacao\/solicitacaoexterna.seam?idFormularioExterno=2128&amp;\" target=\"_blank\" rel=\"noopener\" data-saferedirecturl=\"https:\/\/www.google.com\/url?q=https:\/\/sistemas.ufmg.br\/servicos\/solicitacao\/solicitacaoexterna.seam?idFormularioExterno%3D2128%26&amp;source=gmail&amp;ust=1757865570264000&amp;usg=AOvVaw21oe5-Yz4g8CDskgDIdzW0\"><span style=\"color: #105cb6;\"><span style=\"color: #1155cc;\">https:\/\/sistemas.ufmg.br\/<wbr \/>servicos\/solicitacao\/<wbr \/>solicitacaoexterna.seam?<wbr \/>idFormularioExterno=2128&amp;<\/span><\/span><\/a><\/p>\n<\/li>\n<\/ul>\n<\/div>\n<p><a class=\"text-center lead list-group-item list-group-item-action active\">Processo Seletivo &#8211; Cursos Integrados &#8211; COLTEC 2026<\/a><\/p>\n<p><strong>Comunicado: obra de leitura pr\u00e9via<\/strong><\/p>\n<p>A indica\u00e7\u00e3o da obra liter\u00e1ria de leitura pr\u00e9via para a prova de L\u00edngua<br \/>\nPortuguesa do Processo Seletivo do Col\u00e9gio T\u00e9cnico da UFMG (COLTEC) dos<br \/>\nanos de 2027 e 2028 \u00e9 a seguinte:<\/p>\n<p><strong>Ad\u00e9lia Prado \u2013 O Jardim das Oliveiras (Editora Record, 2025)<\/strong><\/p>\n<p>Belo Horizonte, mar\u00e7o de 2026.<\/p>\n<p><a class=\"text-center lead list-group-item list-group-item-action active\">Processo Seletivo &#8211; Cursos Integrados &#8211; COLTEC 2025<br \/>\n<\/a><span style=\"text-decoration: underline;\"><strong><a href=\"https:\/\/www.coltec.ufmg.br\/coltec-ufmg\/wp-content\/uploads\/2022\/05\/SEI_UFMG-3444164-Edital-Coltec.pdf\" target=\"_blank\" rel=\"noopener\">Edital n\u00ba 1609\/2024 \u2013 Processo Seletivo 2025 do Col\u00e9gio T\u00e9cnico da UFMG (COLTEC\/UFMG)<\/a><\/strong><\/span><br \/>\n<span style=\"text-decoration: underline;\"><strong><a href=\"https:\/\/www.coltec.ufmg.br\/coltec-ufmg\/wp-content\/uploads\/2022\/05\/COLTEC_2025-Obra_Literaria.pdf\">Obra Liter\u00e1ria &#8211; COLTEC 2025<\/a><\/strong><\/span><\/p>\n<p><a class=\"text-center lead list-group-item list-group-item-action active\">Processo Seletivo &#8211; Cursos Subsequentes &#8211; COLTEC 2025<\/a><\/p>\n<p><strong><span style=\"text-decoration: underline;\"><a href=\"https:\/\/www.coltec.ufmg.br\/coltec-ufmg\/wp-content\/uploads\/2024\/11\/SEI_UFMG-3687630-Edital.pdf\" target=\"_blank\" rel=\"noopener\">Edital N\u00ba 2382\/2024 &#8211; Processo Seletivo para ingresso nos Cursos T\u00e9cnicos Subsequentes do Col\u00e9gio T\u00e9cnico da UFMG (Coltec\/UFMG)<\/a><\/span><\/strong><\/p>\n<p><a class=\"text-center lead list-group-item list-group-item-action active\" style=\"font-size: revert;\">Processo Seletivo &#8211; Cursos Integrados &#8211; COLTEC 2024<\/a><\/p>\n<div class=\"container-fluid\">\n<div class=\"row\">\n<div style=\"text-align: left;\">\n<p style=\"text-align: left;\"><span style=\"font-size: 25px; font-weight: bold;\">Lista de Obras Indicadas para Leitura Pr\u00e9via \u2013 Processo Seletivo COLTEC 2024<\/span><\/p>\n<p><strong>Para o Processo Seletivo do COLTEC 2024 ser\u00e3o indicadas as seguintes obras liter\u00e1rias.<br \/>\n?<br \/>\n<\/strong><b><span style=\"color: #0000ff;\">A obra de leitura pr\u00e9via, indicada para prova de L\u00edngua Portuguesa, \u00e9 &#8220;Dom Casmurro&#8221;, de Machado de Assis.<\/span><\/b><strong>\u00a0<\/strong><\/p>\n<ul>\n<li><span style=\"font-family: Verdana, Arial, Helvetica, sans-serif;\"><b>Edital do Processo (publicado em 24\/08\/2023 \u00e0s 11:29):<\/b>\u00a0<\/span><a href=\"https:\/\/www.ufmg.br\/copeve\/Arquivos\/2024\/Coltec\/Coltec_2024-Edital.html\" target=\"_blank\" rel=\"noopener\" data-saferedirecturl=\"https:\/\/www.google.com\/url?q=https:\/\/www.ufmg.br\/copeve\/Arquivos\/2024\/Coltec\/Coltec_2024-Edital.html&amp;source=gmail&amp;ust=1693063283936000&amp;usg=AOvVaw22IuOZy0isRJqy1RVd2nNr\">https:\/\/www.ufmg.br\/<wbr \/>copeve\/Arquivos\/2024\/Coltec\/<wbr \/>Coltec_2024-Edital.html<\/a><\/li>\n<li><span style=\"font-family: Verdana, Arial, Helvetica, sans-serif;\"><b>Formul\u00e1rio para Interposi\u00e7\u00e3o de Recurso &#8211; Edital (publicado em 24\/08\/2023 \u00e0s 11:28):<\/b>\u00a0<a href=\"https:\/\/sistemas.ufmg.br\/servicos\/solicitacao\/solicitacaoexterna.seam?idFormularioExterno=2128&amp;\" target=\"_blank\" rel=\"noopener\" data-saferedirecturl=\"https:\/\/www.google.com\/url?q=https:\/\/sistemas.ufmg.br\/servicos\/solicitacao\/solicitacaoexterna.seam?idFormularioExterno%3D2128%26&amp;source=gmail&amp;ust=1693063283936000&amp;usg=AOvVaw3QKIlybJpp23W0DnVYzr2c\">https:\/\/sistemas.ufmg.<wbr \/>br\/servicos\/solicitacao\/<wbr \/>solicitacaoexterna.seam?<wbr \/>idFormularioExterno=2128&amp;<\/a><\/span><\/li>\n<li><b>Programa de Ci\u00eancias (publicado em 24\/08\/2023 \u00e0s 11:27):<\/b>\u00a0<span style=\"font-family: Verdana, Arial, Helvetica, sans-serif;\"><a href=\"https:\/\/www.ufmg.br\/copeve\/Arquivos\/2024\/Coltec\/coltec_programa_ciencias.pdf\" target=\"_blank\" rel=\"noopener\" data-saferedirecturl=\"https:\/\/www.google.com\/url?q=https:\/\/www.ufmg.br\/copeve\/Arquivos\/2024\/Coltec\/coltec_programa_ciencias.pdf&amp;source=gmail&amp;ust=1693063283936000&amp;usg=AOvVaw25b1f7ltybItiS8qV7ruyk\">https:\/\/www.ufmg.br\/<wbr \/>copeve\/Arquivos\/2024\/Coltec\/<wbr \/>coltec_programa_ciencias.pdf<\/a><\/span><\/li>\n<li><span style=\"font-family: Verdana, Arial, Helvetica, sans-serif;\"><b>RETIFICA\u00c7\u00c3O &#8211; Obras Liter\u00e1rias de Leitura Pr\u00e9via (publicado em 05\/06\/2023 \u00e0s 10:30):<\/b>\u00a0<a href=\"https:\/\/www.ufmg.br\/copeve\/Arquivos\/2024\/Coltec\/COLTEC_2024-Obras_Literarias_Retificacao.pdf\" target=\"_blank\" rel=\"noopener\" data-saferedirecturl=\"https:\/\/www.google.com\/url?q=https:\/\/www.ufmg.br\/copeve\/Arquivos\/2024\/Coltec\/COLTEC_2024-Obras_Literarias_Retificacao.pdf&amp;source=gmail&amp;ust=1693063283936000&amp;usg=AOvVaw32pmX_i6L8VtinAzoM1Qdd\">https:\/\/www.ufmg.br\/<wbr \/>copeve\/Arquivos\/2024\/Coltec\/<wbr \/>COLTEC_2024-Obras_Literarias_<wbr \/>Retificacao.pdf<\/a><\/span><\/li>\n<\/ul>\n<p><strong>\u00a0<\/strong><\/p>\n<\/div>\n<\/div>\n<\/div>\n<p><a class=\"text-center lead list-group-item list-group-item-action active\">Processo Seletivo &#8211; Cursos Integrados &#8211; COLTEC 2023<\/a><\/p>\n<div class=\"container-fluid\">\n<div class=\"row\">\n<div style=\"text-align: left;\">\n<p style=\"text-align: left;\"><span style=\"font-size: 25px; font-weight: bold;\"><span style=\"font-size: 25px; font-weight: bold;\">Lista de Obras Indicadas para Leitura Pr\u00e9via \u2013 Processo Seletivo COLTEC 2023<\/span><\/span><\/p>\n<p><strong>Para o Processo Seletivo do COLTEC 2022 ser\u00e3o indicadas as seguintes obras liter\u00e1rias.<br \/>\n?<br \/>\n<a href=\"https:\/\/www.coltec.ufmg.br\/coltec-ufmg\/wp-content\/uploads\/2019\/02\/Obras-literarias-2023.pdf\" target=\"_blank\" rel=\"noopener\">Obras liter\u00e1rias 2023<\/a><\/strong><\/p>\n<style> .container{margin-left: 0px !important; margin-right: 0px !important; width: 100%;} <\/style>\n<p><a class=\"text-center lead list-group-item list-group-item-action active\">Provas Anteriores &#8211; Cursos Integrados<\/a><\/p>\n<div class=\"container-fluid\">\n<div class=\"row\">\n<div style=\"text-align: left;\">\n<p style=\"text-align: left;\"><span style=\"font-size: 35px; font-weight: bold;\"><span style=\"font-size: 35px; font-weight: bold;\">Provas anteriores<\/span><\/span><\/p>\n<h4 style=\"text-align: left;\"><strong>Processo Seletivo 2020<\/strong><\/h4>\n<p><strong>Cursos T\u00e9cnicos Integrados <\/strong><br \/>\nProva:<br \/>\nGabarito:<\/p>\n<h4 style=\"text-align: left;\"><strong>Processo Seletivo 2019<\/strong><\/h4>\n<p><strong>Cursos T\u00e9cnicos Integrados <\/strong><br \/>\nProva:<br \/>\nGabarito:<\/p>\n<h4 style=\"text-align: left;\"><strong>Processo Seletivo 2018<\/strong><\/h4>\n<p><strong>Cursos T\u00e9cnicos Integrados <\/strong><br \/>\nProva: <a href=\"http:\/\/www.coltec.ufmg.br\/coltec-ufmg\/wp-content\/uploads\/2018\/07\/COLTEC-Caderno-1-2018.pdf\" target=\"_blank\" rel=\"noopener noreferrer\">Caderno 1<\/a><br \/>\nGabarito: <a href=\"http:\/\/www.coltec.ufmg.br\/coltec-ufmg\/wp-content\/uploads\/2018\/07\/COLTEC-Gabarito-Caderno-1-2018.pdf\" target=\"_blank\" rel=\"noopener noreferrer\">Gabarito Caderno 1<\/a><\/p>\n<h4 style=\"text-align: left;\"><strong>Processo Seletivo 2017<\/strong><\/h4>\n<p><strong>Cursos T\u00e9cnicos Integrados <\/strong><\/p>\n<p style=\"text-align: left;\">Prova: <a href=\"http:\/\/www.coltec.ufmg.br\/coltec-ufmg\/wp-content\/uploads\/2018\/07\/COLTEC-Caderno-de-prova-1-2017.pdf\" target=\"_blank\" rel=\"noopener noreferrer\">Caderno 1<\/a><br \/>\nGabarito: <a href=\"http:\/\/www.coltec.ufmg.br\/coltec-ufmg\/wp-content\/uploads\/2018\/07\/COLTEC-Gabarito-Caderno-1-2017.pdf\" target=\"_blank\" rel=\"noopener noreferrer\">Gabarito Caderno 1<\/a><\/p>\n<h4 style=\"text-align: left;\"><strong>Processo Seletivo 2016<\/strong><\/h4>\n<p><strong>Cursos T\u00e9cnicos Integrados <\/strong><\/p>\n<p style=\"text-align: left;\">Prova: <a href=\"http:\/\/www.coltec.ufmg.br\/coltec-ufmg\/wp-content\/uploads\/2018\/07\/COLTEC-Caderno-de-prova-1-2016.pdf\" target=\"_blank\" rel=\"noopener noreferrer\">Caderno 1<\/a><br \/>\nGabarito: <a href=\"http:\/\/www.coltec.ufmg.br\/coltec-ufmg\/wp-content\/uploads\/2018\/07\/COLTEC-Gabarito-Caderno-1-2016.pdf\" target=\"_blank\" rel=\"noopener noreferrer\">Gabarito Caderno 1<\/a><\/p>\n<h4 style=\"text-align: left;\"><strong>Processo Seletivo 2015<\/strong><\/h4>\n<p><strong>Cursos T\u00e9cnicos Integrados <\/strong><\/p>\n<p style=\"text-align: left;\">Prova: <a href=\"http:\/\/www.coltec.ufmg.br\/coltec-ufmg\/wp-content\/uploads\/2018\/06\/prova_caderno1_coltec2015.pdf\" target=\"_blank\" rel=\"noopener noreferrer\">Caderno 1<\/a><br \/>\nGabarito: <a href=\"http:\/\/www.coltec.ufmg.br\/coltec-ufmg\/wp-content\/uploads\/2018\/06\/gabarito_caderno1_coltec2015.pdf\" target=\"_blank\" rel=\"noopener noreferrer\">Gabarito Caderno 1<\/a><\/p>\n<h4 style=\"text-align: left;\"><strong>Processo Seletivo 2014<\/strong><\/h4>\n<p><strong>Cursos T\u00e9cnicos Integrados <\/strong><\/p>\n<p style=\"text-align: left;\">Prova: <a href=\"http:\/\/www.coltec.ufmg.br\/coltec-ufmg\/wp-content\/uploads\/2018\/06\/COLTEC_2014_caderno1.pdf\" target=\"_blank\" rel=\"noopener noreferrer\">Caderno 1<\/a><br \/>\nGabarito: <a href=\"http:\/\/www.coltec.ufmg.br\/coltec-ufmg\/wp-content\/uploads\/2018\/06\/COLTEC_Gab_CAD1_2014.pdf\" target=\"_blank\" rel=\"noopener noreferrer\">Gabarito Caderno 1<\/a><\/p>\n<h4 style=\"text-align: left;\"><strong>Processo Seletivo 2013<\/strong><\/h4>\n<p><strong>Cursos T\u00e9cnicos Integrados <\/strong><\/p>\n<p style=\"text-align: left;\">Prova: <a href=\"http:\/\/www.coltec.ufmg.br\/coltec-ufmg\/wp-content\/uploads\/2018\/06\/PROVA_COLTEC_2013_caderno_1.pdf\" target=\"_blank\" rel=\"noopener noreferrer\">Caderno 1<\/a><br \/>\nGabarito: <a href=\"http:\/\/www.coltec.ufmg.br\/coltec-ufmg\/wp-content\/uploads\/2018\/06\/COLTEC_Gab_CAD1_2013.pdf\" target=\"_blank\" rel=\"noopener noreferrer\">Gabarito Caderno 1<\/a><\/p>\n<h4 style=\"text-align: left;\"><strong>Processo Seletivo 2012<\/strong><\/h4>\n<p><strong>Cursos T\u00e9cnicos Integrados <\/strong><\/p>\n<p style=\"text-align: left;\">Prova: <a href=\"http:\/\/www.coltec.ufmg.br\/coltec-ufmg\/wp-content\/uploads\/2018\/06\/PROVA_COLTEC_2012_caderno_1.pdf\" target=\"_blank\" rel=\"noopener noreferrer\">Caderno 1<\/a><br \/>\nGabarito: <a href=\"http:\/\/www.coltec.ufmg.br\/coltec-ufmg\/wp-content\/uploads\/2018\/06\/COLTEC_Gab_CAD1_2012.pdf\" target=\"_blank\" rel=\"noopener noreferrer\">Gabarito Caderno 1<\/a><\/p>\n<h4 style=\"text-align: left;\"><strong>Processo Seletivo 2011<\/strong><\/h4>\n<p><strong>Cursos T\u00e9cnicos Integrados <\/strong><\/p>\n<p style=\"text-align: left;\">Prova: <a href=\"http:\/\/www.coltec.ufmg.br\/coltec-ufmg\/wp-content\/uploads\/2018\/06\/COLTEC_Cad1_SA_2011.pdf\" target=\"_blank\" rel=\"noopener noreferrer\">Caderno 1<\/a><br \/>\nGabarito: <a href=\"http:\/\/www.coltec.ufmg.br\/coltec-ufmg\/wp-content\/uploads\/2018\/06\/COLTEC_GAB_CAD1_2011.pdf\" target=\"_blank\" rel=\"noopener noreferrer\">Gabarito Caderno 1<\/a><\/p>\n<h4 style=\"text-align: left;\"><strong>Processo Seletivo 2010<\/strong><\/h4>\n<p><strong>Cursos T\u00e9cnicos Integrados <\/strong><\/p>\n<p style=\"text-align: left;\">Prova: <a href=\"http:\/\/www.coltec.ufmg.br\/coltec-ufmg\/wp-content\/uploads\/2018\/06\/COLTEC_2010_Cad_01.pdf\" target=\"_blank\" rel=\"noopener noreferrer\">Caderno 1<\/a><br \/>\nGabarito: <a href=\"http:\/\/www.coltec.ufmg.br\/coltec-ufmg\/wp-content\/uploads\/2018\/06\/COLTEC_2010_gabarito_cad1.pdf\" target=\"_blank\" rel=\"noopener noreferrer\">Gabarito Caderno 1<\/a><\/p>\n<h4 style=\"text-align: left;\"><strong>Processo Seletivo 2009<\/strong><\/h4>\n<p><strong>Cursos T\u00e9cnicos Integrados <\/strong><\/p>\n<p style=\"text-align: left;\">Prova: <a href=\"http:\/\/www.coltec.ufmg.br\/coltec-ufmg\/wp-content\/uploads\/2018\/06\/COLTEC_2009_caderno_1.pdf\" target=\"_blank\" rel=\"noopener noreferrer\">Caderno 1<\/a><br \/>\nGabarito: <a href=\"http:\/\/www.coltec.ufmg.br\/coltec-ufmg\/wp-content\/uploads\/2018\/06\/GABARITO_COLTEC_CAD_1_RETIFICADO.pdf\" target=\"_blank\" rel=\"noopener noreferrer\">Gabarito Caderno 1<\/a><\/p>\n<\/div>\n<\/div>\n<p><!-- Subsequente --><\/p>\n<style> .container{margin-left: 0px !important; margin-right: 0px !important; width: 100%;} <\/style>\n<p><a class=\"text-center lead list-group-item list-group-item-action active\" href=\"https:\/\/www.ufmg.br\/copeve\/Arquivos\/2020\/SEI_UFMG_0307915_Edital.html\" target=\"_blank\" rel=\"noopener noreferrer\">Processo Seletivo Ingresso 2021 &#8211; Cursos Subsequentes<\/a><\/p>\n<div class=\"container-fluid\"><\/div>\n<\/div>\n<p style=\"text-align: left;\"><span style=\"font-size: 35px; font-weight: bold;\"><span style=\"font-size: 35px; font-weight: bold;\">Provas anteriores<\/span><\/span><\/p>\n<p style=\"text-align: left;\"><strong style=\"font-size: 20px;\">Processo Seletivo 2018<\/strong><\/p>\n<p style=\"text-align: left;\"><strong>Cursos T\u00e9cnicos Subsequentes<br \/>\n<\/strong>Prova Subsequente: <a href=\"http:\/\/www.coltec.ufmg.br\/coltec-ufmg\/wp-content\/uploads\/2018\/07\/COLTEC-SUBSEQUENTE-Biotecnologia-2018.pdf\" target=\"_blank\" rel=\"noopener noreferrer\">Biotecnologia<\/a><br \/>\nGabarito: <a href=\"http:\/\/www.coltec.ufmg.br\/coltec-ufmg\/wp-content\/uploads\/2018\/07\/COLTEC-SUBSEQUENTE-Biotecnologia-gabarito-2018.pdf\" target=\"_blank\" rel=\"noopener noreferrer\">Biotecnologia<\/a><\/p>\n<p style=\"text-align: left;\">Prova Subsequente: <a href=\"http:\/\/www.coltec.ufmg.br\/coltec-ufmg\/wp-content\/uploads\/2018\/07\/COLTEC-SUBSEQUENTE-Desenvolvimento-de-Sistemas-2018.pdf\" target=\"_blank\" rel=\"noopener noreferrer\">Desenvolvimento de Sistemas<\/a><br \/>\nGabarito: <a href=\"http:\/\/www.coltec.ufmg.br\/coltec-ufmg\/wp-content\/uploads\/2018\/07\/COLTEC-SUBSEQUENTE-Desenvolvimento-de-Sistemas-gabarito-2018.pdf\" target=\"_blank\" rel=\"noopener noreferrer\">Desenvolvimento de Sistemas<\/a><\/p>\n<\/div>\n<\/div>\n<\/div>\n","protected":false},"excerpt":{"rendered":"<p>Processo Seletivo &#8211; Cursos Integrados &#8211; COLTEC 2027 Comunicado: obra de leitura pr\u00e9via A indica\u00e7\u00e3o da obra liter\u00e1ria de leitura pr\u00e9via para a prova de L\u00edngua Portuguesa do Processo Seletivo do Col\u00e9gio T\u00e9cnico da UFMG (COLTEC) dos anos de 2027 e 2028 \u00e9 a seguinte: Ad\u00e9lia Prado \u2013 O Jardim das Oliveiras (Editora Record, 2025) [&hellip;]<\/p>\n","protected":false},"author":1,"featured_media":0,"comment_status":"closed","ping_status":"closed","sticky":false,"template":"","format":"standard","meta":{"footnotes":""},"categories":[23],"tags":[],"publishpress_future_action":{"enabled":false,"date":"1969-12-31 21:00:00","action":"","terms":[],"taxonomy":"","browser_timezone_offset":0},"_links":{"self":[{"href":"https:\/\/www.coltec.ufmg.br\/coltec-ufmg\/index.php?rest_route=\/wp\/v2\/posts\/2768"}],"collection":[{"href":"https:\/\/www.coltec.ufmg.br\/coltec-ufmg\/index.php?rest_route=\/wp\/v2\/posts"}],"about":[{"href":"https:\/\/www.coltec.ufmg.br\/coltec-ufmg\/index.php?rest_route=\/wp\/v2\/types\/post"}],"author":[{"embeddable":true,"href":"https:\/\/www.coltec.ufmg.br\/coltec-ufmg\/index.php?rest_route=\/wp\/v2\/users\/1"}],"replies":[{"embeddable":true,"href":"https:\/\/www.coltec.ufmg.br\/coltec-ufmg\/index.php?rest_route=%2Fwp%2Fv2%2Fcomments&post=2768"}],"version-history":[{"count":166,"href":"https:\/\/www.coltec.ufmg.br\/coltec-ufmg\/index.php?rest_route=\/wp\/v2\/posts\/2768\/revisions"}],"predecessor-version":[{"id":16769,"href":"https:\/\/www.coltec.ufmg.br\/coltec-ufmg\/index.php?rest_route=\/wp\/v2\/posts\/2768\/revisions\/16769"}],"wp:attachment":[{"href":"https:\/\/www.coltec.ufmg.br\/coltec-ufmg\/index.php?rest_route=%2Fwp%2Fv2%2Fmedia&parent=2768"}],"wp:term":[{"taxonomy":"category","embeddable":true,"href":"https:\/\/www.coltec.ufmg.br\/coltec-ufmg\/index.php?rest_route=%2Fwp%2Fv2%2Fcategories&post=2768"},{"taxonomy":"post_tag","embeddable":true,"href":"https:\/\/www.coltec.ufmg.br\/coltec-ufmg\/index.php?rest_route=%2Fwp%2Fv2%2Ftags&post=2768"}],"curies":[{"name":"wp","href":"https:\/\/api.w.org\/{rel}","templated":true}]}}